{"id":10903,"date":"2025-08-20T15:41:35","date_gmt":"2025-08-20T13:41:35","guid":{"rendered":"https:\/\/www.fortyeight.tv\/?p=10903"},"modified":"2025-08-20T16:38:08","modified_gmt":"2025-08-20T14:38:08","slug":"equipement-audiovisuel-salle-de-reunion","status":"publish","type":"post","link":"https:\/\/www.fortyeight.tv\/en\/equipement-audiovisuel-salle-de-reunion\/","title":{"rendered":"Zoom sur les \u00e9quipements audiovisuels indispensables pour une salle de r\u00e9union"},"content":{"rendered":"<div class=\"wpb-content-wrapper\"><p>[vc_row][vc_column][vc_column_text css=&#8221;&#8221;]Dans le cadre professionnel, une <strong>salle de r\u00e9union bien \u00e9quip\u00e9e<\/strong> est bien souvent gage d\u2019\u00e9changes productifs. Les <strong>\u00e9quipements audiovisuels <\/strong>influencent la qualit\u00e9 des pr\u00e9sentations et l\u2019efficacit\u00e9 des discussions et des visioconf\u00e9rences.<\/p>\n<p>Dans cet article, nous vous proposons une <strong>vue d&#8217;ensemble des <\/strong><a href=\"https:\/\/www.fortyeight.tv\/services-audiovisuels\/vente-installation-audiovisuelle-fixe\/\"><strong>\u00e9quipements audiovisuels pour une installation compl\u00e8te<\/strong><\/a> dans une salle de r\u00e9union moderne en <a href=\"https:\/\/www.fortyeight.tv\/nos-secteurs\/corporate\/\">entreprise<\/a>.[\/vc_column_text][\/vc_column][\/vc_row][vc_row][vc_column][vc_column_text css=&#8221;&#8221;]<\/p>\n<h2>Les solutions d\u2019affichage<\/h2>\n<p>S\u2019il y a bien un \u00e9quipement indispensable \u00e0 toute salle de r\u00e9union, c\u2019est sans conteste <strong>l\u2019\u00e9cran<\/strong>. Le bon choix d\u00e9pend de la taille de votre espace professionnel et de vos besoins.<\/p>\n<h3>Les \u00e9crans de pr\u00e9sentation grand format<\/h3>\n<p>Pour les salles de taille moyenne, un <strong>grand t\u00e9l\u00e9viseur 4K <\/strong>est une option fiable et \u00e9conomique. Il permet de partager des<strong> informations en grand<\/strong> lors des r\u00e9unions. Choisissez un \u00e9cran haute r\u00e9solution pour une meilleure lisibilit\u00e9 des documents et des pr\u00e9sentations.<\/p>\n<p>\u00c9videmment, la taille de l\u2019\u00e9cran doit \u00eatre adapt\u00e9e<strong> \u00e0 la taille de la salle <\/strong>pour que tous les participants puissent voir clairement ce qui est pr\u00e9sent\u00e9.<\/p>\n<h3>Les \u00e9crans interactifs<\/h3>\n<p>Finie l\u2019\u00e9poque des tableaux classiques, place d\u00e9sormais aux <strong>\u00e9crans interactifs <\/strong>! Ces dispositifs multim\u00e9dias permettent aux utilisateur<strong>s d\u2019interagir directement avec l\u2019affichage \u00e0 l\u2019\u00e9cran<\/strong>, par simple toucher ou \u00e0 l\u2019aide d\u2019un stylet.<\/p>\n<p>Avec cette technologie, les participants peuvent <strong>s\u2019impliquer<\/strong> pleinement : cr\u00e9ation d\u2019un brainstorming, annotation des documents en temps r\u00e9el ou interaction avec des zones cliquables directement sur l\u2019\u00e9cran\u2026 Ces fonctionnalit\u00e9s rendent les \u00e9changes plus dynamiques et permettent de fluidifier les discussions, o\u00f9 chaque id\u00e9e peut \u00eatre imm\u00e9diatement partag\u00e9e, modifi\u00e9e et enrichie.<\/p>\n<h3>Les vid\u00e9oprojecteurs<\/h3>\n<p>La <strong>projection<\/strong> reste une option particuli\u00e8rement int\u00e9ressante dans les grandes salles de r\u00e9union, o\u00f9 l&#8217;on doit pr\u00e9senter des documents \u00e0 un large public et o\u00f9 les \u00e9crans classiques ne suffisent pas toujours.<\/p>\n<p>Ces solutions existent \u00e9galement <strong>sans fil<\/strong>, ce qui permet une i<strong>nstallation rapide et flexible<\/strong>, sans le besoin de c\u00e2bles encombrants. Les syst\u00e8mes de projection modernes sont \u00e9galement compatibles avec diverses sources vid\u00e9o.[\/vc_column_text][\/vc_column][\/vc_row][vc_row][vc_column][vc_single_image image=&#8221;468&#8243; img_size=&#8221;large&#8221; alignment=&#8221;center&#8221; css=&#8221;.vc_custom_1755696152870{margin-top: 40px !important;margin-bottom: 40px !important;}&#8221;][\/vc_column][\/vc_row][vc_row][vc_column][vc_column_text css=&#8221;&#8221;]<\/p>\n<h2>Le mat\u00e9riel audio<\/h2>\n<p>Chuchotements inaudibles, \u00e9cho ou bruits de fond parasitaires peuvent miner la productivit\u00e9 d&#8217;une r\u00e9union. Un s<strong>yst\u00e8me audio professionne<\/strong>l permet \u00e0 chaque participant, qu&#8217;il soit sur place ou \u00e0 distance, d\u2019entendre et d\u2019\u00eatre entendu clairement.<\/p>\n<h3>Les micros professionnels<\/h3>\n<p>Optez pour un <strong>micro professionnel <\/strong>dans votre salle de r\u00e9union. Dans une grande salle, il permet \u00e0 l&#8217;intervenant de <strong>se faire entendre clairement <\/strong>par tous les participants, peu importe leur position. Sans un micro de qualit\u00e9, les personnes situ\u00e9es \u00e0 l\u2019arri\u00e8re ou sur les c\u00f4t\u00e9s de la salle pourraient avoir du mal \u00e0 suivre la discussion. En <strong>visioconf\u00e9rence<\/strong>, un micro adapt\u00e9 et bien configur\u00e9 est \u00e9videmment indispensable pour une<strong> communication fluide avec les participants \u00e0 distance<\/strong>.<\/p>\n<h3>Les barres de son et enceintes<\/h3>\n<p>Pour les salles de petite et moyenne taille, la<strong> barre de son<\/strong> est un excellent choix. Compacte et \u00e9l\u00e9gante, elle combine souvent microphones et haut-parleurs de haute qualit\u00e9. D&#8217;autres solutions audio existent pour s&#8217;adapter \u00e0 des configurations plus complexes ou \u00e0 des salles plus grandes, comme les <strong>haut-parleurs et les enceintes int\u00e9gr\u00e9s au plafond et aux murs<\/strong>.[\/vc_column_text][\/vc_column][\/vc_row][vc_row][vc_column][vc_single_image image=&#8221;6532&#8243; img_size=&#8221;large&#8221; alignment=&#8221;center&#8221; css=&#8221;.vc_custom_1755696329095{margin-top: 40px !important;margin-bottom: 40px !important;}&#8221;][\/vc_column][\/vc_row][vc_row][vc_column][vc_column_text css=&#8221;&#8221;]<\/p>\n<h2>L\u2019\u00e9quipement vid\u00e9o<\/h2>\n<p>Une image nette et fluide permet de capter l&#8217;attention des participants, de faciliter la communication non verbale et de renforcer l&#8217;interaction entre les membres de la r\u00e9union. Il est donc tout aussi important de bien choisir votre <strong>\u00e9quipement<\/strong> <strong>vid\u00e9o<\/strong>.<\/p>\n<h3>Les cam\u00e9ras<\/h3>\n<p>Une visioconf\u00e9rence avec plusieurs collaborateurs, une retransmission de la conf\u00e9rence dans un autre local ou tout simplement la n\u00e9cessit\u00e9 de filmer vos interactions : une <strong>cam\u00e9ra de bonne qualit\u00e9 <\/strong>dans la salle de r\u00e9union ouvre la voie \u00e0 de multiples possibilit\u00e9s pour am\u00e9liorer l\u2019efficacit\u00e9 et la port\u00e9e de vos \u00e9changes.<\/p>\n<p>Les cam\u00e9ras professionnelles sont con\u00e7ues pour offrir une <strong>image pr\u00e9cise<\/strong>, m\u00eame dans des environnements vari\u00e9s et parfois complexes. Certaines sont \u00e9quip\u00e9es d\u2019un <strong>suivi automatique qui ajuste l\u2019angle de prise de vue<\/strong> en fonction du mouvement du pr\u00e9sentateur.<\/p>\n<h3>Les syst\u00e8mes de visioconf\u00e9rence tout-en-un<\/h3>\n<p>La <strong>visioconf\u00e9rence<\/strong> est devenue la norme en entreprise pour toutes r\u00e9unions et conf\u00e9rences avec les collaborateurs, clients ou partenaires. Si elle offre des avantages ind\u00e9niables, son efficacit\u00e9 repose en grande partie sur la <strong>qualit\u00e9 du mat\u00e9riel utilis\u00e9<\/strong>. Sans un \u00e9quipement adapt\u00e9, les r\u00e9unions virtuelles peuvent rapidement devenir frustrantes et contre-productives.<\/p>\n<p>Nous vous recommandons d\u2019opter pour des s<strong>olutions tout-en-un<\/strong>, telles que les cam\u00e9ras et syst\u00e8mes audio int\u00e9gr\u00e9s directement aux \u00e9crans interactifs, car elles offrent une solution compl\u00e8te et pratique pour vos r\u00e9unions. Tout \u00e9tant centralis\u00e9 dans un seul \u00e9cran, il n\u2019y a plus besoin de c\u00e2bles suppl\u00e9mentaires ou d\u2019appareils distincts pour g\u00e9rer l\u2019audio et la vid\u00e9o.[\/vc_column_text][\/vc_column][\/vc_row][vc_row type=&#8221;vc_default&#8221; bg_type=&#8221;bg_color&#8221; bg_override=&#8221;ex-full&#8221; css=&#8221;.vc_custom_1678781886642{margin-top: 50px !important;margin-bottom: 50px !important;}&#8221; el_class=&#8221;custom-row-radius&#8221; bg_color_value=&#8221;#1d1d1b&#8221;][vc_column css=&#8221;.vc_custom_1687341425000{padding-top: 50px !important;padding-bottom: 50px !important;}&#8221;]<div class=\"ult-spacer spacer-69f2141acdad1\" data-id=\"69f2141acdad1\" data-height=\"0\" data-height-mobile=\"0\" data-height-tab=\"50\" data-height-tab-portrait=\"50\" data-height-mobile-landscape=\"0\" style=\"clear:both;display:block;\"><\/div>[vc_column_text css=&#8221;&#8221; el_class=&#8221;custom-white&#8221;]<\/p>\n<h2>Fortyeight installe vos \u00e9quipements dans votre salle de r\u00e9union<\/h2>\n<p>Fortyeight, en tant qu\u2019int\u00e9grateur audiovisuel, vous aide \u00e0 <strong>choisir les <\/strong><a href=\"https:\/\/www.fortyeight.tv\/services-audiovisuels\/vente-installation-audiovisuelle-fixe\/\"><strong>\u00e9quipements audiovisuels<\/strong><\/a><strong> pour votre salle de r\u00e9union<\/strong>. Nous <strong>s\u00e9lectionnons<\/strong> <strong>les meilleures solutions <\/strong>adapt\u00e9es \u00e0 vos besoins, puis veillons \u00e0 leur <strong>installation <\/strong>et \u00e0 votre <strong>formation<\/strong>. Avec notre expertise, vous b\u00e9n\u00e9ficiez d\u2019une salle de r\u00e9union parfaitement \u00e9quip\u00e9e et fonctionnelle, pr\u00eate \u00e0 accueillir vos \u00e9changes et \u00e0 booster votre productivit\u00e9.[\/vc_column_text]<style type=\"text\/css\" data-type=\"the7_shortcodes-inline-css\">#default-btn-02c93ff2e87902851fa2d420322e6028.ico-right-side > i {\n  margin-right: 0px;\n  margin-left: 5px;\n}\n#default-btn-02c93ff2e87902851fa2d420322e6028 > i {\n  margin-right: 5px;\n}<\/style><div class=\"btn-align-center\"><a href=\"https:\/\/www.fortyeight.tv\/contact\/\" class=\"default-btn-shortcode dt-btn dt-btn-m link-hover-off ico-right-side custom-white  vc_custom_1755698135136\" id=\"default-btn-02c93ff2e87902851fa2d420322e6028\" title=\"Devis gratuit\"><span>En savoir plus<\/span><i class=\"fortyeight-waves\"><\/i><\/a><\/div>[\/vc_column][\/vc_row][vc_row][vc_column][vc_column_text css=&#8221;&#8221;]<\/p>\n<h2>FAQ \u2013 \u00c9quipements audiovisuels pour salle de r\u00e9union<\/h2>\n<p>[\/vc_column_text][vc_toggle title=&#8221;Quels sont les \u00e9quipements indispensables pour une salle de r\u00e9union ?&#8221; css=&#8221;&#8221;]Les \u00e9quipements essentiels incluent un <strong>\u00e9cran<\/strong> de pr\u00e9sentation (qu&#8217;il soit classique ou interactif), des syst\u00e8mes de <strong>visioconf\u00e9rence<\/strong>, des <strong>microphones<\/strong> de qualit\u00e9, des <strong>cam\u00e9ras<\/strong>, des <strong>enceintes<\/strong> ou des <strong>barres de son<\/strong>. Bien s\u00fbr, le mobilier aussi est important : table et chaises ergonomiques, bureau adapt\u00e9, etc.[\/vc_toggle][vc_toggle title=&#8221;Pourquoi choisir des \u00e9crans interactifs pour ma salle de r\u00e9union ?&#8221; css=&#8221;&#8221;]Les \u00e9crans interactifs permettent une <strong>collaboration<\/strong> <strong>en temps r\u00e9el<\/strong>. Avec leur fonction tactile, ils transforment les r\u00e9unions classiques en <strong>sessions interactives<\/strong> o\u00f9 chaque participant peut <strong>annoter<\/strong>, <strong>modifier<\/strong> ou <strong>partager<\/strong> <strong>des informations <\/strong>directement sur l\u2019\u00e9cran.[\/vc_toggle][vc_toggle title=&#8221;Comment choisir le bon syst\u00e8me audio pour ma salle de r\u00e9union ?&#8221; css=&#8221;&#8221;]Le choix du syst\u00e8me audio d\u00e9pend de la <strong>taille de la salle<\/strong> et du <strong>type d\u2019utilisation<\/strong>. Pour les petites salles, une barre de son peut suffire, tandis que pour les grandes salles, des enceintes haut de gamme sont recommand\u00e9es. Il est important de choisir des \u00e9quipements qui <strong>minimisent les bruits de fond <\/strong>et assurent une <strong>clart\u00e9 sonore optimale<\/strong>.[\/vc_toggle][vc_toggle title=&#8221;Qu\u2019est-ce qu\u2019un syst\u00e8me de visioconf\u00e9rence tout-en-un ?&#8221; css=&#8221;&#8221;]Un syst\u00e8me de visioconf\u00e9rence tout-en-un int\u00e8gre la <strong>cam\u00e9ra<\/strong>, le <strong>micro<\/strong> et <strong>l\u2019audio<\/strong> dans un seul appareil, souvent connect\u00e9 \u00e0 un <strong>\u00e9cran interactif<\/strong>. Cela simplifie l\u2019installation et la gestion de la r\u00e9union lors de vos communications \u00e0 distance.[\/vc_toggle][vc_toggle title=&#8221;Pourquoi faire appel \u00e0 un int\u00e9grateur audiovisuel pour ma salle de r\u00e9union ?&#8221; css=&#8221;&#8221;]Un int\u00e9grateur audiovisuel professionnel comme Fortyeight vous aide \u00e0 <strong>choisir<\/strong>, <strong>installer<\/strong> et <strong>configurer<\/strong> <strong>les \u00e9quipements <\/strong>qui correspondent \u00e0 vos besoins. Il propose \u00e9galement une formation pour vous aider \u00e0 prendre en main votre nouveau mat\u00e9riel.[\/vc_toggle][vc_toggle title=&#8221;Quelle est la dur\u00e9e d&#8217;une installation compl\u00e8te d\u2019\u00e9quipements audiovisuels dans une salle de r\u00e9union ?&#8221; css=&#8221;&#8221;]La dur\u00e9e de l\u2019installation d\u00e9pend de la <strong>complexit\u00e9<\/strong> <strong>des \u00e9quipements <\/strong>et de la<strong> taille de la salle<\/strong>. En g\u00e9n\u00e9ral, une installation compl\u00e8te peut prendre entre quelques heures et une journ\u00e9e. Parfois, l\u2019intervention de plusieurs corps de m\u00e9tiers est n\u00e9cessaire.[\/vc_toggle][vc_toggle title=&#8221;Quel est le prix pour \u00e9quiper une salle de r\u00e9union ?&#8221; css=&#8221;&#8221;]Le prix pour \u00e9quiper une salle de r\u00e9union peut <strong>varier<\/strong> consid\u00e9rablement en fonction de plusieurs facteurs, notamment la <strong>taille<\/strong> <strong>de la salle<\/strong>, le <strong>type<\/strong> <strong>d&#8217;\u00e9quipements<\/strong> souhait\u00e9s (\u00e9cran, cam\u00e9ra, micro, haut-parleur, etc.), la <strong>marque<\/strong> des produits et la <strong>complexit\u00e9<\/strong> de l&#8217;installation.[\/vc_toggle][\/vc_column][\/vc_row]<\/p>\n<\/div>","protected":false},"excerpt":{"rendered":"<p>\u00c9quipez votre salle de r\u00e9union avec du mat\u00e9riel audiovisuel pour am\u00e9liorer la productivit\u00e9 de vos \u00e9quipes lors de vos prochaines r\u00e9unions.<\/p>\n","protected":false},"author":6,"featured_media":10908,"comment_status":"closed","ping_status":"closed","sticky":false,"template":"","format":"standard","meta":{"inline_featured_image":false,"footnotes":""},"categories":[4,6],"tags":[],"class_list":["post-10903","post","type-post","status-publish","format-standard","has-post-thumbnail","hentry","category-son","category-video","category-4","category-6","description-off"],"yoast_head":"<!-- This site is optimized with the Yoast SEO plugin v26.8 - https:\/\/yoast.com\/product\/yoast-seo-wordpress\/ -->\n<title>Quels \u00e9quipements audiovisuels pour une salle de r\u00e9union ?<\/title>\n<meta name=\"description\" content=\"Vous souhaitez \u00e9quiper votre salle de r\u00e9union ? D\u00e9couvrez les \u00e9quipements audiovisuels indispensables pour booster vos prochains \u00e9changes.\" \/>\n<meta name=\"robots\" content=\"index, follow, max-snippet:-1, max-image-preview:large, max-video-preview:-1\" \/>\n<link rel=\"canonical\" href=\"https:\/\/www.fortyeight.tv\/en\/equipement-audiovisuel-salle-de-reunion\/\" \/>\n<meta property=\"og:locale\" content=\"en_US\" \/>\n<meta property=\"og:type\" content=\"article\" \/>\n<meta property=\"og:title\" content=\"Quels \u00e9quipements audiovisuels pour une salle de r\u00e9union ?\" \/>\n<meta property=\"og:description\" content=\"Vous souhaitez \u00e9quiper votre salle de r\u00e9union ? D\u00e9couvrez les \u00e9quipements audiovisuels indispensables pour booster vos prochains \u00e9changes.\" \/>\n<meta property=\"og:url\" content=\"https:\/\/www.fortyeight.tv\/equipement-audiovisuel-salle-de-reunion\/\" \/>\n<meta property=\"og:site_name\" content=\"Fortyeight\" \/>\n<meta property=\"article:published_time\" content=\"2025-08-20T13:41:35+00:00\" \/>\n<meta property=\"article:modified_time\" content=\"2025-08-20T14:38:08+00:00\" \/>\n<meta property=\"og:image\" content=\"https:\/\/www.fortyeight.tv\/wp-content\/uploads\/2025\/08\/installation-sono-et-audio-salle-de-reunion.jpg\" \/>\n\t<meta property=\"og:image:width\" content=\"1200\" \/>\n\t<meta property=\"og:image:height\" content=\"800\" \/>\n\t<meta property=\"og:image:type\" content=\"image\/jpeg\" \/>\n<meta name=\"author\" content=\"Jade Delange\" \/>\n<meta name=\"twitter:card\" content=\"summary_large_image\" \/>\n<meta name=\"twitter:label1\" content=\"Written by\" \/>\n\t<meta name=\"twitter:data1\" content=\"Jade Delange\" \/>\n\t<meta name=\"twitter:label2\" content=\"Est. reading time\" \/>\n\t<meta name=\"twitter:data2\" content=\"7 minutes\" \/>\n<script type=\"application\/ld+json\" class=\"yoast-schema-graph\">{\"@context\":\"https:\/\/schema.org\",\"@graph\":[{\"@type\":\"Article\",\"@id\":\"https:\/\/www.fortyeight.tv\/equipement-audiovisuel-salle-de-reunion\/#article\",\"isPartOf\":{\"@id\":\"https:\/\/www.fortyeight.tv\/en\/equipement-audiovisuel-salle-de-reunion\/\"},\"author\":{\"name\":\"Jade Delange\",\"@id\":\"https:\/\/www.fortyeight.tv\/en\/#\/schema\/person\/a573febbc103e1698e51ec75beb375b0\"},\"headline\":\"Zoom sur les \u00e9quipements audiovisuels indispensables pour une salle de r\u00e9union\",\"datePublished\":\"2025-08-20T13:41:35+00:00\",\"dateModified\":\"2025-08-20T14:38:08+00:00\",\"mainEntityOfPage\":{\"@id\":\"https:\/\/www.fortyeight.tv\/en\/equipement-audiovisuel-salle-de-reunion\/\"},\"wordCount\":1623,\"image\":{\"@id\":\"https:\/\/www.fortyeight.tv\/equipement-audiovisuel-salle-de-reunion\/#primaryimage\"},\"thumbnailUrl\":\"https:\/\/www.fortyeight.tv\/wp-content\/uploads\/2025\/08\/installation-sono-et-audio-salle-de-reunion.jpg\",\"articleSection\":[\"Son\",\"Vid\u00e9o\"],\"inLanguage\":\"en-US\"},{\"@type\":\"WebPage\",\"@id\":\"https:\/\/www.fortyeight.tv\/en\/equipement-audiovisuel-salle-de-reunion\/\",\"url\":\"https:\/\/www.fortyeight.tv\/equipement-audiovisuel-salle-de-reunion\/\",\"name\":\"Quels \u00e9quipements audiovisuels pour une salle de r\u00e9union ?\",\"isPartOf\":{\"@id\":\"https:\/\/www.fortyeight.tv\/en\/#website\"},\"primaryImageOfPage\":{\"@id\":\"https:\/\/www.fortyeight.tv\/equipement-audiovisuel-salle-de-reunion\/#primaryimage\"},\"image\":{\"@id\":\"https:\/\/www.fortyeight.tv\/equipement-audiovisuel-salle-de-reunion\/#primaryimage\"},\"thumbnailUrl\":\"https:\/\/www.fortyeight.tv\/wp-content\/uploads\/2025\/08\/installation-sono-et-audio-salle-de-reunion.jpg\",\"datePublished\":\"2025-08-20T13:41:35+00:00\",\"dateModified\":\"2025-08-20T14:38:08+00:00\",\"author\":{\"@id\":\"https:\/\/www.fortyeight.tv\/en\/#\/schema\/person\/a573febbc103e1698e51ec75beb375b0\"},\"description\":\"Vous souhaitez \u00e9quiper votre salle de r\u00e9union ? D\u00e9couvrez les \u00e9quipements audiovisuels indispensables pour booster vos prochains \u00e9changes.\",\"breadcrumb\":{\"@id\":\"https:\/\/www.fortyeight.tv\/equipement-audiovisuel-salle-de-reunion\/#breadcrumb\"},\"inLanguage\":\"en-US\",\"potentialAction\":[{\"@type\":\"ReadAction\",\"target\":[\"https:\/\/www.fortyeight.tv\/equipement-audiovisuel-salle-de-reunion\/\"]}]},{\"@type\":\"ImageObject\",\"inLanguage\":\"en-US\",\"@id\":\"https:\/\/www.fortyeight.tv\/equipement-audiovisuel-salle-de-reunion\/#primaryimage\",\"url\":\"https:\/\/www.fortyeight.tv\/wp-content\/uploads\/2025\/08\/installation-sono-et-audio-salle-de-reunion.jpg\",\"contentUrl\":\"https:\/\/www.fortyeight.tv\/wp-content\/uploads\/2025\/08\/installation-sono-et-audio-salle-de-reunion.jpg\",\"width\":1200,\"height\":800},{\"@type\":\"BreadcrumbList\",\"@id\":\"https:\/\/www.fortyeight.tv\/equipement-audiovisuel-salle-de-reunion\/#breadcrumb\",\"itemListElement\":[{\"@type\":\"ListItem\",\"position\":1,\"name\":\"Accueil\",\"item\":\"https:\/\/www.fortyeight.tv\/en\/\"},{\"@type\":\"ListItem\",\"position\":2,\"name\":\"Zoom sur les \u00e9quipements audiovisuels indispensables pour une salle de r\u00e9union\"}]},{\"@type\":\"WebSite\",\"@id\":\"https:\/\/www.fortyeight.tv\/en\/#website\",\"url\":\"https:\/\/www.fortyeight.tv\/en\/\",\"name\":\"Fortyeight\",\"description\":\"\",\"potentialAction\":[{\"@type\":\"SearchAction\",\"target\":{\"@type\":\"EntryPoint\",\"urlTemplate\":\"https:\/\/www.fortyeight.tv\/en\/?s={search_term_string}\"},\"query-input\":{\"@type\":\"PropertyValueSpecification\",\"valueRequired\":true,\"valueName\":\"search_term_string\"}}],\"inLanguage\":\"en-US\"},{\"@type\":\"Person\",\"@id\":\"https:\/\/www.fortyeight.tv\/en\/#\/schema\/person\/a573febbc103e1698e51ec75beb375b0\",\"name\":\"Jade Delange\",\"image\":{\"@type\":\"ImageObject\",\"inLanguage\":\"en-US\",\"@id\":\"https:\/\/www.fortyeight.tv\/en\/#\/schema\/person\/image\/\",\"url\":\"https:\/\/secure.gravatar.com\/avatar\/46e3b97f271ebfcf6eeffd1e1e6531a3?s=96&d=mm&r=g\",\"contentUrl\":\"https:\/\/secure.gravatar.com\/avatar\/46e3b97f271ebfcf6eeffd1e1e6531a3?s=96&d=mm&r=g\",\"caption\":\"Jade Delange\"}}]}<\/script>\n<!-- \/ Yoast SEO plugin. -->","yoast_head_json":{"title":"Quels \u00e9quipements audiovisuels pour une salle de r\u00e9union ?","description":"Vous souhaitez \u00e9quiper votre salle de r\u00e9union ? D\u00e9couvrez les \u00e9quipements audiovisuels indispensables pour booster vos prochains \u00e9changes.","robots":{"index":"index","follow":"follow","max-snippet":"max-snippet:-1","max-image-preview":"max-image-preview:large","max-video-preview":"max-video-preview:-1"},"canonical":"https:\/\/www.fortyeight.tv\/en\/equipement-audiovisuel-salle-de-reunion\/","og_locale":"en_US","og_type":"article","og_title":"Quels \u00e9quipements audiovisuels pour une salle de r\u00e9union ?","og_description":"Vous souhaitez \u00e9quiper votre salle de r\u00e9union ? D\u00e9couvrez les \u00e9quipements audiovisuels indispensables pour booster vos prochains \u00e9changes.","og_url":"https:\/\/www.fortyeight.tv\/equipement-audiovisuel-salle-de-reunion\/","og_site_name":"Fortyeight","article_published_time":"2025-08-20T13:41:35+00:00","article_modified_time":"2025-08-20T14:38:08+00:00","og_image":[{"width":1200,"height":800,"url":"https:\/\/www.fortyeight.tv\/wp-content\/uploads\/2025\/08\/installation-sono-et-audio-salle-de-reunion.jpg","type":"image\/jpeg"}],"author":"Jade Delange","twitter_card":"summary_large_image","twitter_misc":{"Written by":"Jade Delange","Est. reading time":"7 minutes"},"schema":{"@context":"https:\/\/schema.org","@graph":[{"@type":"Article","@id":"https:\/\/www.fortyeight.tv\/equipement-audiovisuel-salle-de-reunion\/#article","isPartOf":{"@id":"https:\/\/www.fortyeight.tv\/en\/equipement-audiovisuel-salle-de-reunion\/"},"author":{"name":"Jade Delange","@id":"https:\/\/www.fortyeight.tv\/en\/#\/schema\/person\/a573febbc103e1698e51ec75beb375b0"},"headline":"Zoom sur les \u00e9quipements audiovisuels indispensables pour une salle de r\u00e9union","datePublished":"2025-08-20T13:41:35+00:00","dateModified":"2025-08-20T14:38:08+00:00","mainEntityOfPage":{"@id":"https:\/\/www.fortyeight.tv\/en\/equipement-audiovisuel-salle-de-reunion\/"},"wordCount":1623,"image":{"@id":"https:\/\/www.fortyeight.tv\/equipement-audiovisuel-salle-de-reunion\/#primaryimage"},"thumbnailUrl":"https:\/\/www.fortyeight.tv\/wp-content\/uploads\/2025\/08\/installation-sono-et-audio-salle-de-reunion.jpg","articleSection":["Son","Vid\u00e9o"],"inLanguage":"en-US"},{"@type":"WebPage","@id":"https:\/\/www.fortyeight.tv\/en\/equipement-audiovisuel-salle-de-reunion\/","url":"https:\/\/www.fortyeight.tv\/equipement-audiovisuel-salle-de-reunion\/","name":"Quels \u00e9quipements audiovisuels pour une salle de r\u00e9union ?","isPartOf":{"@id":"https:\/\/www.fortyeight.tv\/en\/#website"},"primaryImageOfPage":{"@id":"https:\/\/www.fortyeight.tv\/equipement-audiovisuel-salle-de-reunion\/#primaryimage"},"image":{"@id":"https:\/\/www.fortyeight.tv\/equipement-audiovisuel-salle-de-reunion\/#primaryimage"},"thumbnailUrl":"https:\/\/www.fortyeight.tv\/wp-content\/uploads\/2025\/08\/installation-sono-et-audio-salle-de-reunion.jpg","datePublished":"2025-08-20T13:41:35+00:00","dateModified":"2025-08-20T14:38:08+00:00","author":{"@id":"https:\/\/www.fortyeight.tv\/en\/#\/schema\/person\/a573febbc103e1698e51ec75beb375b0"},"description":"Vous souhaitez \u00e9quiper votre salle de r\u00e9union ? D\u00e9couvrez les \u00e9quipements audiovisuels indispensables pour booster vos prochains \u00e9changes.","breadcrumb":{"@id":"https:\/\/www.fortyeight.tv\/equipement-audiovisuel-salle-de-reunion\/#breadcrumb"},"inLanguage":"en-US","potentialAction":[{"@type":"ReadAction","target":["https:\/\/www.fortyeight.tv\/equipement-audiovisuel-salle-de-reunion\/"]}]},{"@type":"ImageObject","inLanguage":"en-US","@id":"https:\/\/www.fortyeight.tv\/equipement-audiovisuel-salle-de-reunion\/#primaryimage","url":"https:\/\/www.fortyeight.tv\/wp-content\/uploads\/2025\/08\/installation-sono-et-audio-salle-de-reunion.jpg","contentUrl":"https:\/\/www.fortyeight.tv\/wp-content\/uploads\/2025\/08\/installation-sono-et-audio-salle-de-reunion.jpg","width":1200,"height":800},{"@type":"BreadcrumbList","@id":"https:\/\/www.fortyeight.tv\/equipement-audiovisuel-salle-de-reunion\/#breadcrumb","itemListElement":[{"@type":"ListItem","position":1,"name":"Accueil","item":"https:\/\/www.fortyeight.tv\/en\/"},{"@type":"ListItem","position":2,"name":"Zoom sur les \u00e9quipements audiovisuels indispensables pour une salle de r\u00e9union"}]},{"@type":"WebSite","@id":"https:\/\/www.fortyeight.tv\/en\/#website","url":"https:\/\/www.fortyeight.tv\/en\/","name":"Fortyeight","description":"","potentialAction":[{"@type":"SearchAction","target":{"@type":"EntryPoint","urlTemplate":"https:\/\/www.fortyeight.tv\/en\/?s={search_term_string}"},"query-input":{"@type":"PropertyValueSpecification","valueRequired":true,"valueName":"search_term_string"}}],"inLanguage":"en-US"},{"@type":"Person","@id":"https:\/\/www.fortyeight.tv\/en\/#\/schema\/person\/a573febbc103e1698e51ec75beb375b0","name":"Jade Delange","image":{"@type":"ImageObject","inLanguage":"en-US","@id":"https:\/\/www.fortyeight.tv\/en\/#\/schema\/person\/image\/","url":"https:\/\/secure.gravatar.com\/avatar\/46e3b97f271ebfcf6eeffd1e1e6531a3?s=96&d=mm&r=g","contentUrl":"https:\/\/secure.gravatar.com\/avatar\/46e3b97f271ebfcf6eeffd1e1e6531a3?s=96&d=mm&r=g","caption":"Jade Delange"}}]}},"_links":{"self":[{"href":"https:\/\/www.fortyeight.tv\/en\/wp-json\/wp\/v2\/posts\/10903","targetHints":{"allow":["GET"]}}],"collection":[{"href":"https:\/\/www.fortyeight.tv\/en\/wp-json\/wp\/v2\/posts"}],"about":[{"href":"https:\/\/www.fortyeight.tv\/en\/wp-json\/wp\/v2\/types\/post"}],"author":[{"embeddable":true,"href":"https:\/\/www.fortyeight.tv\/en\/wp-json\/wp\/v2\/users\/6"}],"replies":[{"embeddable":true,"href":"https:\/\/www.fortyeight.tv\/en\/wp-json\/wp\/v2\/comments?post=10903"}],"version-history":[{"count":8,"href":"https:\/\/www.fortyeight.tv\/en\/wp-json\/wp\/v2\/posts\/10903\/revisions"}],"predecessor-version":[{"id":10915,"href":"https:\/\/www.fortyeight.tv\/en\/wp-json\/wp\/v2\/posts\/10903\/revisions\/10915"}],"wp:featuredmedia":[{"embeddable":true,"href":"https:\/\/www.fortyeight.tv\/en\/wp-json\/wp\/v2\/media\/10908"}],"wp:attachment":[{"href":"https:\/\/www.fortyeight.tv\/en\/wp-json\/wp\/v2\/media?parent=10903"}],"wp:term":[{"taxonomy":"category","embeddable":true,"href":"https:\/\/www.fortyeight.tv\/en\/wp-json\/wp\/v2\/categories?post=10903"},{"taxonomy":"post_tag","embeddable":true,"href":"https:\/\/www.fortyeight.tv\/en\/wp-json\/wp\/v2\/tags?post=10903"}],"curies":[{"name":"wp","href":"https:\/\/api.w.org\/{rel}","templated":true}]}}