{"id":1883,"date":"2018-09-19T11:44:36","date_gmt":"2018-09-19T09:44:36","guid":{"rendered":"https:\/\/www.fortyeight.tv\/?p=1883"},"modified":"2024-01-25T15:12:47","modified_gmt":"2024-01-25T13:12:47","slug":"ce-week-end-fortyeight-a-vibre-au-rythme-des-fetes-de-wallonie","status":"publish","type":"post","link":"https:\/\/www.fortyeight.tv\/en\/ce-week-end-fortyeight-a-vibre-au-rythme-des-fetes-de-wallonie\/","title":{"rendered":"Ce week-end, Fortyeight a vibr\u00e9 au rythme des F\u00eates de Wallonie"},"content":{"rendered":"<div class=\"wpb-content-wrapper\"><p>[vc_row][vc_column][vc_column_text]<\/p>\n<h2>C\u2019est un week-end charg\u00e9 mais particuli\u00e8rement excitant qui se termine pour Fortyeight. Parce que notre entreprise est avant tout wallonne, nous sommes fiers comme des coqs d\u2019avoir particip\u00e9 \u00e0 l\u2019organisation des F\u00eates de Wallonie 2018.<\/h2>\n<p>Faut-il vraiment pr\u00e9senter cet \u00e9v\u00e8nement incontournable que sont les F\u00eates de Wallonie \u00e0 Namur\u00a0? \u00a0Chaque week-end du 3<sup>e<\/sup> dimanche du mois de septembre, notre belle capitale wallonne accueille une foule de visiteurs venue c\u00e9l\u00e9brer la participation des Wallons \u00e0 la r\u00e9volution belge de 1830. Des rires, du folklore, du peket et de nombreuses animations rythment les rues de Namur. Une v\u00e9ritable institution que nous ne pouvions pas rater\u00a0! Au programme de ce week-end\u00a0: c\u00e9r\u00e9monie des discours, r\u00e9ception avec concert et feu d\u2019artifice.<\/p>\n<p>Ce 15 septembre 2018, au Th\u00e9\u00e2tre Royal de Namur, a eu lieu la c\u00e9r\u00e9monie officielle des F\u00eates de Wallonie. Durant cet \u00e9v\u00e8nement, divers discours furent prononc\u00e9s, dont celui de Monsieur Willy Borsus, Ministre-Pr\u00e9sident du Gouvernement de Wallonie. L\u2019invit\u00e9 d\u2019honneur de cette belle c\u00e9r\u00e9monie n\u2019\u00e9tait autre que Xavier Bertrand, Pr\u00e9sident du Conseil r\u00e9gional des Hauts-de-France.<\/p>\n<p>En collaboration avec B71 (<a href=\"https:\/\/www.b71.be\/\" target=\"_blank\" rel=\"noopener\">https:\/\/www.b71.be\/<\/a>) qui a r\u00e9alis\u00e9 le mapping vid\u00e9o (projection de lumi\u00e8re ou de vid\u00e9o sur des volumes), Fortyeight s\u2019est occup\u00e9 du son, des lumi\u00e8res et de la diffusion des vid\u00e9os. Au menu\u00a0: consoles son Digico et projecteur Panasonic (pt dz21K).<\/p>\n<p>Le discours fut suivi d\u2019une r\u00e9ception \u00e0 l\u2019Elysette avec un concert de Replay Acoustic accompagn\u00e9 au chant par Megan Giart et s\u2019est cl\u00f4tur\u00e9 par le traditionnel feu d\u2019artifice sur le coteau de la Citadelle.[\/vc_column_text][\/vc_column][\/vc_row][vc_row][vc_column][vc_video link=&#8221;https:\/\/player.vimeo.com\/video\/290654374&#8243; align=&#8221;center&#8221; src=&#8221;&#8220;https:\/\/player.vimeo.com\/video\/290654374&#8220;&#8221; width=&#8221;&#8220;640&#8220;&#8221; height=&#8221;&#8220;360&#8220;&#8221; frameborder=&#8221;&#8220;0&#8220;&#8221; title=&#8221;C\u00e9r\u00e9monie officielle des F\u00eates de Wallonie&#8221;][\/vc_column][\/vc_row][vc_row][vc_column][vc_media_grid element_width=&#8221;3&#8243; grid_id=&#8221;vc_gid:1537350174217-ac865c74-9f66-9&#8243; include=&#8221;1927,1921,1930,1924,1915,1918,1933,1939,1909,1936,1912&#8243;][\/vc_column][\/vc_row]<\/p>\n<\/div>","protected":false},"excerpt":{"rendered":"<p>[vc_row][vc_column][vc_column_text] C\u2019est un week-end charg\u00e9 mais particuli\u00e8rement excitant qui se termine pour Fortyeight. Parce que notre entreprise est avant tout wallonne, nous sommes fiers comme des coqs d\u2019avoir particip\u00e9 \u00e0 l\u2019organisation des F\u00eates de Wallonie 2018. Faut-il vraiment pr\u00e9senter cet \u00e9v\u00e8nement incontournable que sont les F\u00eates de Wallonie \u00e0 Namur\u00a0? \u00a0Chaque week-end du 3e dimanche&hellip;<\/p>\n","protected":false},"author":6,"featured_media":1906,"comment_status":"closed","ping_status":"closed","sticky":false,"template":"","format":"standard","meta":{"inline_featured_image":false,"footnotes":""},"categories":[81,33,4,6],"tags":[74,75,34],"class_list":["post-1883","post","type-post","status-publish","format-standard","has-post-thumbnail","hentry","category-evenement","category-lumiere","category-son","category-video","tag-namur","tag-regie-son-et-lumiere","tag-theatre","category-81","category-33","category-4","category-6","description-off"],"yoast_head":"<!-- This site is optimized with the Yoast SEO plugin v26.8 - https:\/\/yoast.com\/product\/yoast-seo-wordpress\/ -->\n<title>Fortyeight pour la c\u00e9r\u00e9monie officielle des F\u00eates de Wallonie Namur<\/title>\n<meta name=\"description\" content=\"Nous nous sommes occup\u00e9s du son, des lumi\u00e8res et de la diffusion des vid\u00e9os de la c\u00e9r\u00e9monie officielle des F\u00eates de Wallonie.\" \/>\n<meta name=\"robots\" content=\"index, follow, max-snippet:-1, max-image-preview:large, max-video-preview:-1\" \/>\n<link rel=\"canonical\" href=\"https:\/\/www.fortyeight.tv\/en\/ce-week-end-fortyeight-a-vibre-au-rythme-des-fetes-de-wallonie\/\" \/>\n<meta property=\"og:locale\" content=\"en_US\" \/>\n<meta property=\"og:type\" content=\"article\" \/>\n<meta property=\"og:title\" content=\"Fortyeight pour la c\u00e9r\u00e9monie officielle des F\u00eates de Wallonie Namur\" \/>\n<meta property=\"og:description\" content=\"Nous nous sommes occup\u00e9s du son, des lumi\u00e8res et de la diffusion des vid\u00e9os de la c\u00e9r\u00e9monie officielle des F\u00eates de Wallonie.\" \/>\n<meta property=\"og:url\" content=\"https:\/\/www.fortyeight.tv\/ce-week-end-fortyeight-a-vibre-au-rythme-des-fetes-de-wallonie\/\" \/>\n<meta property=\"og:site_name\" content=\"Fortyeight\" \/>\n<meta property=\"article:published_time\" content=\"2018-09-19T09:44:36+00:00\" \/>\n<meta property=\"article:modified_time\" content=\"2024-01-25T13:12:47+00:00\" \/>\n<meta property=\"og:image\" content=\"https:\/\/www.fortyeight.tv\/wp-content\/uploads\/2018\/09\/scene-discours-officiel-wallos.jpg\" \/>\n\t<meta property=\"og:image:width\" content=\"1200\" \/>\n\t<meta property=\"og:image:height\" content=\"800\" \/>\n\t<meta property=\"og:image:type\" content=\"image\/jpeg\" \/>\n<meta name=\"author\" content=\"Jade Delange\" \/>\n<meta name=\"twitter:card\" content=\"summary_large_image\" \/>\n<meta name=\"twitter:label1\" content=\"Written by\" \/>\n\t<meta name=\"twitter:data1\" content=\"Jade Delange\" \/>\n\t<meta name=\"twitter:label2\" content=\"Est. reading time\" \/>\n\t<meta name=\"twitter:data2\" content=\"2 minutes\" \/>\n<script type=\"application\/ld+json\" class=\"yoast-schema-graph\">{\"@context\":\"https:\/\/schema.org\",\"@graph\":[{\"@type\":\"Article\",\"@id\":\"https:\/\/www.fortyeight.tv\/ce-week-end-fortyeight-a-vibre-au-rythme-des-fetes-de-wallonie\/#article\",\"isPartOf\":{\"@id\":\"https:\/\/www.fortyeight.tv\/en\/ce-week-end-fortyeight-a-vibre-au-rythme-des-fetes-de-wallonie\/\"},\"author\":{\"name\":\"Jade Delange\",\"@id\":\"https:\/\/www.fortyeight.tv\/en\/#\/schema\/person\/a573febbc103e1698e51ec75beb375b0\"},\"headline\":\"Ce week-end, Fortyeight a vibr\u00e9 au rythme des F\u00eates de Wallonie\",\"datePublished\":\"2018-09-19T09:44:36+00:00\",\"dateModified\":\"2024-01-25T13:12:47+00:00\",\"mainEntityOfPage\":{\"@id\":\"https:\/\/www.fortyeight.tv\/en\/ce-week-end-fortyeight-a-vibre-au-rythme-des-fetes-de-wallonie\/\"},\"wordCount\":373,\"image\":{\"@id\":\"https:\/\/www.fortyeight.tv\/ce-week-end-fortyeight-a-vibre-au-rythme-des-fetes-de-wallonie\/#primaryimage\"},\"thumbnailUrl\":\"https:\/\/www.fortyeight.tv\/wp-content\/uploads\/2018\/09\/scene-discours-officiel-wallos.jpg\",\"keywords\":[\"Namur\",\"R\u00e9gie son et lumi\u00e8re\",\"Th\u00e9\u00e2tre\"],\"articleSection\":[\"Ev\u00e9nement\",\"Lumi\u00e8re\",\"Son\",\"Vid\u00e9o\"],\"inLanguage\":\"en-US\"},{\"@type\":\"WebPage\",\"@id\":\"https:\/\/www.fortyeight.tv\/en\/ce-week-end-fortyeight-a-vibre-au-rythme-des-fetes-de-wallonie\/\",\"url\":\"https:\/\/www.fortyeight.tv\/ce-week-end-fortyeight-a-vibre-au-rythme-des-fetes-de-wallonie\/\",\"name\":\"Fortyeight pour la c\u00e9r\u00e9monie officielle des F\u00eates de Wallonie Namur\",\"isPartOf\":{\"@id\":\"https:\/\/www.fortyeight.tv\/en\/#website\"},\"primaryImageOfPage\":{\"@id\":\"https:\/\/www.fortyeight.tv\/ce-week-end-fortyeight-a-vibre-au-rythme-des-fetes-de-wallonie\/#primaryimage\"},\"image\":{\"@id\":\"https:\/\/www.fortyeight.tv\/ce-week-end-fortyeight-a-vibre-au-rythme-des-fetes-de-wallonie\/#primaryimage\"},\"thumbnailUrl\":\"https:\/\/www.fortyeight.tv\/wp-content\/uploads\/2018\/09\/scene-discours-officiel-wallos.jpg\",\"datePublished\":\"2018-09-19T09:44:36+00:00\",\"dateModified\":\"2024-01-25T13:12:47+00:00\",\"author\":{\"@id\":\"https:\/\/www.fortyeight.tv\/en\/#\/schema\/person\/a573febbc103e1698e51ec75beb375b0\"},\"description\":\"Nous nous sommes occup\u00e9s du son, des lumi\u00e8res et de la diffusion des vid\u00e9os de la c\u00e9r\u00e9monie officielle des F\u00eates de Wallonie.\",\"breadcrumb\":{\"@id\":\"https:\/\/www.fortyeight.tv\/ce-week-end-fortyeight-a-vibre-au-rythme-des-fetes-de-wallonie\/#breadcrumb\"},\"inLanguage\":\"en-US\",\"potentialAction\":[{\"@type\":\"ReadAction\",\"target\":[\"https:\/\/www.fortyeight.tv\/ce-week-end-fortyeight-a-vibre-au-rythme-des-fetes-de-wallonie\/\"]}]},{\"@type\":\"ImageObject\",\"inLanguage\":\"en-US\",\"@id\":\"https:\/\/www.fortyeight.tv\/ce-week-end-fortyeight-a-vibre-au-rythme-des-fetes-de-wallonie\/#primaryimage\",\"url\":\"https:\/\/www.fortyeight.tv\/wp-content\/uploads\/2018\/09\/scene-discours-officiel-wallos.jpg\",\"contentUrl\":\"https:\/\/www.fortyeight.tv\/wp-content\/uploads\/2018\/09\/scene-discours-officiel-wallos.jpg\",\"width\":1200,\"height\":800},{\"@type\":\"BreadcrumbList\",\"@id\":\"https:\/\/www.fortyeight.tv\/ce-week-end-fortyeight-a-vibre-au-rythme-des-fetes-de-wallonie\/#breadcrumb\",\"itemListElement\":[{\"@type\":\"ListItem\",\"position\":1,\"name\":\"Accueil\",\"item\":\"https:\/\/www.fortyeight.tv\/en\/\"},{\"@type\":\"ListItem\",\"position\":2,\"name\":\"Ce week-end, Fortyeight a vibr\u00e9 au rythme des F\u00eates de Wallonie\"}]},{\"@type\":\"WebSite\",\"@id\":\"https:\/\/www.fortyeight.tv\/en\/#website\",\"url\":\"https:\/\/www.fortyeight.tv\/en\/\",\"name\":\"Fortyeight\",\"description\":\"\",\"potentialAction\":[{\"@type\":\"SearchAction\",\"target\":{\"@type\":\"EntryPoint\",\"urlTemplate\":\"https:\/\/www.fortyeight.tv\/en\/?s={search_term_string}\"},\"query-input\":{\"@type\":\"PropertyValueSpecification\",\"valueRequired\":true,\"valueName\":\"search_term_string\"}}],\"inLanguage\":\"en-US\"},{\"@type\":\"Person\",\"@id\":\"https:\/\/www.fortyeight.tv\/en\/#\/schema\/person\/a573febbc103e1698e51ec75beb375b0\",\"name\":\"Jade Delange\",\"image\":{\"@type\":\"ImageObject\",\"inLanguage\":\"en-US\",\"@id\":\"https:\/\/www.fortyeight.tv\/en\/#\/schema\/person\/image\/\",\"url\":\"https:\/\/secure.gravatar.com\/avatar\/46e3b97f271ebfcf6eeffd1e1e6531a3?s=96&d=mm&r=g\",\"contentUrl\":\"https:\/\/secure.gravatar.com\/avatar\/46e3b97f271ebfcf6eeffd1e1e6531a3?s=96&d=mm&r=g\",\"caption\":\"Jade Delange\"}}]}<\/script>\n<!-- \/ Yoast SEO plugin. -->","yoast_head_json":{"title":"Fortyeight pour la c\u00e9r\u00e9monie officielle des F\u00eates de Wallonie Namur","description":"Nous nous sommes occup\u00e9s du son, des lumi\u00e8res et de la diffusion des vid\u00e9os de la c\u00e9r\u00e9monie officielle des F\u00eates de Wallonie.","robots":{"index":"index","follow":"follow","max-snippet":"max-snippet:-1","max-image-preview":"max-image-preview:large","max-video-preview":"max-video-preview:-1"},"canonical":"https:\/\/www.fortyeight.tv\/en\/ce-week-end-fortyeight-a-vibre-au-rythme-des-fetes-de-wallonie\/","og_locale":"en_US","og_type":"article","og_title":"Fortyeight pour la c\u00e9r\u00e9monie officielle des F\u00eates de Wallonie Namur","og_description":"Nous nous sommes occup\u00e9s du son, des lumi\u00e8res et de la diffusion des vid\u00e9os de la c\u00e9r\u00e9monie officielle des F\u00eates de Wallonie.","og_url":"https:\/\/www.fortyeight.tv\/ce-week-end-fortyeight-a-vibre-au-rythme-des-fetes-de-wallonie\/","og_site_name":"Fortyeight","article_published_time":"2018-09-19T09:44:36+00:00","article_modified_time":"2024-01-25T13:12:47+00:00","og_image":[{"width":1200,"height":800,"url":"https:\/\/www.fortyeight.tv\/wp-content\/uploads\/2018\/09\/scene-discours-officiel-wallos.jpg","type":"image\/jpeg"}],"author":"Jade Delange","twitter_card":"summary_large_image","twitter_misc":{"Written by":"Jade Delange","Est. reading time":"2 minutes"},"schema":{"@context":"https:\/\/schema.org","@graph":[{"@type":"Article","@id":"https:\/\/www.fortyeight.tv\/ce-week-end-fortyeight-a-vibre-au-rythme-des-fetes-de-wallonie\/#article","isPartOf":{"@id":"https:\/\/www.fortyeight.tv\/en\/ce-week-end-fortyeight-a-vibre-au-rythme-des-fetes-de-wallonie\/"},"author":{"name":"Jade Delange","@id":"https:\/\/www.fortyeight.tv\/en\/#\/schema\/person\/a573febbc103e1698e51ec75beb375b0"},"headline":"Ce week-end, Fortyeight a vibr\u00e9 au rythme des F\u00eates de Wallonie","datePublished":"2018-09-19T09:44:36+00:00","dateModified":"2024-01-25T13:12:47+00:00","mainEntityOfPage":{"@id":"https:\/\/www.fortyeight.tv\/en\/ce-week-end-fortyeight-a-vibre-au-rythme-des-fetes-de-wallonie\/"},"wordCount":373,"image":{"@id":"https:\/\/www.fortyeight.tv\/ce-week-end-fortyeight-a-vibre-au-rythme-des-fetes-de-wallonie\/#primaryimage"},"thumbnailUrl":"https:\/\/www.fortyeight.tv\/wp-content\/uploads\/2018\/09\/scene-discours-officiel-wallos.jpg","keywords":["Namur","R\u00e9gie son et lumi\u00e8re","Th\u00e9\u00e2tre"],"articleSection":["Ev\u00e9nement","Lumi\u00e8re","Son","Vid\u00e9o"],"inLanguage":"en-US"},{"@type":"WebPage","@id":"https:\/\/www.fortyeight.tv\/en\/ce-week-end-fortyeight-a-vibre-au-rythme-des-fetes-de-wallonie\/","url":"https:\/\/www.fortyeight.tv\/ce-week-end-fortyeight-a-vibre-au-rythme-des-fetes-de-wallonie\/","name":"Fortyeight pour la c\u00e9r\u00e9monie officielle des F\u00eates de Wallonie Namur","isPartOf":{"@id":"https:\/\/www.fortyeight.tv\/en\/#website"},"primaryImageOfPage":{"@id":"https:\/\/www.fortyeight.tv\/ce-week-end-fortyeight-a-vibre-au-rythme-des-fetes-de-wallonie\/#primaryimage"},"image":{"@id":"https:\/\/www.fortyeight.tv\/ce-week-end-fortyeight-a-vibre-au-rythme-des-fetes-de-wallonie\/#primaryimage"},"thumbnailUrl":"https:\/\/www.fortyeight.tv\/wp-content\/uploads\/2018\/09\/scene-discours-officiel-wallos.jpg","datePublished":"2018-09-19T09:44:36+00:00","dateModified":"2024-01-25T13:12:47+00:00","author":{"@id":"https:\/\/www.fortyeight.tv\/en\/#\/schema\/person\/a573febbc103e1698e51ec75beb375b0"},"description":"Nous nous sommes occup\u00e9s du son, des lumi\u00e8res et de la diffusion des vid\u00e9os de la c\u00e9r\u00e9monie officielle des F\u00eates de Wallonie.","breadcrumb":{"@id":"https:\/\/www.fortyeight.tv\/ce-week-end-fortyeight-a-vibre-au-rythme-des-fetes-de-wallonie\/#breadcrumb"},"inLanguage":"en-US","potentialAction":[{"@type":"ReadAction","target":["https:\/\/www.fortyeight.tv\/ce-week-end-fortyeight-a-vibre-au-rythme-des-fetes-de-wallonie\/"]}]},{"@type":"ImageObject","inLanguage":"en-US","@id":"https:\/\/www.fortyeight.tv\/ce-week-end-fortyeight-a-vibre-au-rythme-des-fetes-de-wallonie\/#primaryimage","url":"https:\/\/www.fortyeight.tv\/wp-content\/uploads\/2018\/09\/scene-discours-officiel-wallos.jpg","contentUrl":"https:\/\/www.fortyeight.tv\/wp-content\/uploads\/2018\/09\/scene-discours-officiel-wallos.jpg","width":1200,"height":800},{"@type":"BreadcrumbList","@id":"https:\/\/www.fortyeight.tv\/ce-week-end-fortyeight-a-vibre-au-rythme-des-fetes-de-wallonie\/#breadcrumb","itemListElement":[{"@type":"ListItem","position":1,"name":"Accueil","item":"https:\/\/www.fortyeight.tv\/en\/"},{"@type":"ListItem","position":2,"name":"Ce week-end, Fortyeight a vibr\u00e9 au rythme des F\u00eates de Wallonie"}]},{"@type":"WebSite","@id":"https:\/\/www.fortyeight.tv\/en\/#website","url":"https:\/\/www.fortyeight.tv\/en\/","name":"Fortyeight","description":"","potentialAction":[{"@type":"SearchAction","target":{"@type":"EntryPoint","urlTemplate":"https:\/\/www.fortyeight.tv\/en\/?s={search_term_string}"},"query-input":{"@type":"PropertyValueSpecification","valueRequired":true,"valueName":"search_term_string"}}],"inLanguage":"en-US"},{"@type":"Person","@id":"https:\/\/www.fortyeight.tv\/en\/#\/schema\/person\/a573febbc103e1698e51ec75beb375b0","name":"Jade Delange","image":{"@type":"ImageObject","inLanguage":"en-US","@id":"https:\/\/www.fortyeight.tv\/en\/#\/schema\/person\/image\/","url":"https:\/\/secure.gravatar.com\/avatar\/46e3b97f271ebfcf6eeffd1e1e6531a3?s=96&d=mm&r=g","contentUrl":"https:\/\/secure.gravatar.com\/avatar\/46e3b97f271ebfcf6eeffd1e1e6531a3?s=96&d=mm&r=g","caption":"Jade Delange"}}]}},"_links":{"self":[{"href":"https:\/\/www.fortyeight.tv\/en\/wp-json\/wp\/v2\/posts\/1883","targetHints":{"allow":["GET"]}}],"collection":[{"href":"https:\/\/www.fortyeight.tv\/en\/wp-json\/wp\/v2\/posts"}],"about":[{"href":"https:\/\/www.fortyeight.tv\/en\/wp-json\/wp\/v2\/types\/post"}],"author":[{"embeddable":true,"href":"https:\/\/www.fortyeight.tv\/en\/wp-json\/wp\/v2\/users\/6"}],"replies":[{"embeddable":true,"href":"https:\/\/www.fortyeight.tv\/en\/wp-json\/wp\/v2\/comments?post=1883"}],"version-history":[{"count":1,"href":"https:\/\/www.fortyeight.tv\/en\/wp-json\/wp\/v2\/posts\/1883\/revisions"}],"predecessor-version":[{"id":7896,"href":"https:\/\/www.fortyeight.tv\/en\/wp-json\/wp\/v2\/posts\/1883\/revisions\/7896"}],"wp:featuredmedia":[{"embeddable":true,"href":"https:\/\/www.fortyeight.tv\/en\/wp-json\/wp\/v2\/media\/1906"}],"wp:attachment":[{"href":"https:\/\/www.fortyeight.tv\/en\/wp-json\/wp\/v2\/media?parent=1883"}],"wp:term":[{"taxonomy":"category","embeddable":true,"href":"https:\/\/www.fortyeight.tv\/en\/wp-json\/wp\/v2\/categories?post=1883"},{"taxonomy":"post_tag","embeddable":true,"href":"https:\/\/www.fortyeight.tv\/en\/wp-json\/wp\/v2\/tags?post=1883"}],"curies":[{"name":"wp","href":"https:\/\/api.w.org\/{rel}","templated":true}]}}